{"id":3018,"date":"2025-12-12T16:51:53","date_gmt":"2025-12-12T15:51:53","guid":{"rendered":"https:\/\/www.soeren-prescher.de\/?p=3018"},"modified":"2025-12-12T20:58:01","modified_gmt":"2025-12-12T19:58:01","slug":"weihnachtsgruss","status":"publish","type":"post","link":"https:\/\/www.soeren-prescher.de\/?p=3018","title":{"rendered":"Weihnachtsgru\u00df"},"content":{"rendered":"<p><img loading=\"lazy\" decoding=\"async\" class=\"alignright wp-image-3019 size-medium\" src=\"https:\/\/www.soeren-prescher.de\/wp-content\/uploads\/2025\/12\/Klarant-Weihnachts-Promo-360x360.jpg\" alt=\"\" width=\"360\" height=\"360\" srcset=\"https:\/\/www.soeren-prescher.de\/wp-content\/uploads\/2025\/12\/Klarant-Weihnachts-Promo-360x360.jpg 360w, https:\/\/www.soeren-prescher.de\/wp-content\/uploads\/2025\/12\/Klarant-Weihnachts-Promo-480x480.jpg 480w, https:\/\/www.soeren-prescher.de\/wp-content\/uploads\/2025\/12\/Klarant-Weihnachts-Promo-160x160.jpg 160w, https:\/\/www.soeren-prescher.de\/wp-content\/uploads\/2025\/12\/Klarant-Weihnachts-Promo-768x768.jpg 768w, https:\/\/www.soeren-prescher.de\/wp-content\/uploads\/2025\/12\/Klarant-Weihnachts-Promo-600x600.jpg 600w, https:\/\/www.soeren-prescher.de\/wp-content\/uploads\/2025\/12\/Klarant-Weihnachts-Promo-1024x1024.jpg 1024w, https:\/\/www.soeren-prescher.de\/wp-content\/uploads\/2025\/12\/Klarant-Weihnachts-Promo.jpg 1080w\" sizes=\"auto, (max-width: 360px) 100vw, 360px\" \/><\/p>\n<p>Moin, liebe Ostfrieslandkrimi-Fans,<\/p>\n<p>das Jahr 2025 neigt sich allm\u00e4hlich dem Ende zu. Erneut war es ein h\u00f6chst ereignisreiches Jahr &#8211; sowohl in positiver wie in negativer Hinsicht. Es sind etliche Dinge passiert, die wir vorab nicht f\u00fcr m\u00f6glich gehalten h\u00e4tten.<br \/>\nHiermit tauche ich mal kurz aus meiner Schreibwerkstatt auf, um Ihnen diesen kleinen Adventsgru\u00df zu schicken. Ich hoffe, Sie genie\u00dfen die besinnliche Zeit und nutzen die Gelegenheit, es sich mit einem leckeren Ostfriesentee und einem guten Buch gem\u00fctlich zu machen.<br \/>\nAktuell arbeite ich wieder an einem neuen Krimi der Kripo Ostfriesland. Viel dar\u00fcber verraten m\u00f6chte ich noch nicht, nur, dass es diesmal eine kleine \u00c4nderung innerhalb des dynamischen Duos gibt. Es ist sozusagen ein kleines Experiment, das ich einmal ausprobieren m\u00f6chte. Doch keine Sorge, niemand wird vergessen oder aufs Abstellgleis geschoben. Und auch die verzwickte Krimi-Unterhaltung gibt es diesmal wieder.<br \/>\nAllerdings wird es noch ein bisschen dauern, bis sie diesen Band lesen werden. Dieser Tage ist der f\u00fcnfte Teil der Reihe erschienen, in dem es um einen kniffligen &#8222;<a href=\"https:\/\/www.soeren-prescher.de\/?page_id=2999\"><em>Mord in Gro\u00dfheide<\/em><\/a>&#8220; geht. Beim Lesen der Geschichte w\u00fcnsche ich Ihnen wie \u00fcblich viel Spa\u00df. Ich bin gespannt, was Sie von Marens und Hennings aktuell Fall halten.<\/p>\n<p>Viele Gr\u00fc\u00dfe &amp; eine frohe Weihnachtszeit,<\/p>\n<p>S\u00f6ren Prescher<\/p>\n<p>&nbsp;<\/p>\n","protected":false},"excerpt":{"rendered":"<p>Moin, liebe Ostfrieslandkrimi-Fans, das Jahr 2025 neigt sich allm\u00e4hlich dem Ende zu. Erneut war es ein h\u00f6chst ereignisreiches Jahr &#8211; sowohl in positiver wie in negativer Hinsicht. Es sind etliche Dinge passiert, die wir vorab nicht f\u00fcr m\u00f6glich gehalten h\u00e4tten. Hiermit tauche ich mal kurz aus meiner Schreibwerkstatt auf, um Ihnen diesen kleinen Adventsgru\u00df zu [&hellip;]<\/p>\n","protected":false},"author":2,"featured_media":3019,"comment_status":"closed","ping_status":"closed","sticky":false,"template":"","format":"standard","meta":{"footnotes":""},"categories":[622],"tags":[598,648,594,596,595,641,148,649],"class_list":["post-3018","post","type-post","status-publish","format-standard","has-post-thumbnail","hentry","category-ankuendigung","tag-klarant-verlag","tag-klarantverlag","tag-kripo-ostfriesland","tag-maren-und-henning","tag-ostfriesland","tag-soerenprescher","tag-soeren-prescher","tag-weihnachtsgruss"],"_links":{"self":[{"href":"https:\/\/www.soeren-prescher.de\/index.php?rest_route=\/wp\/v2\/posts\/3018","targetHints":{"allow":["GET"]}}],"collection":[{"href":"https:\/\/www.soeren-prescher.de\/index.php?rest_route=\/wp\/v2\/posts"}],"about":[{"href":"https:\/\/www.soeren-prescher.de\/index.php?rest_route=\/wp\/v2\/types\/post"}],"author":[{"embeddable":true,"href":"https:\/\/www.soeren-prescher.de\/index.php?rest_route=\/wp\/v2\/users\/2"}],"replies":[{"embeddable":true,"href":"https:\/\/www.soeren-prescher.de\/index.php?rest_route=%2Fwp%2Fv2%2Fcomments&post=3018"}],"version-history":[{"count":3,"href":"https:\/\/www.soeren-prescher.de\/index.php?rest_route=\/wp\/v2\/posts\/3018\/revisions"}],"predecessor-version":[{"id":3022,"href":"https:\/\/www.soeren-prescher.de\/index.php?rest_route=\/wp\/v2\/posts\/3018\/revisions\/3022"}],"wp:featuredmedia":[{"embeddable":true,"href":"https:\/\/www.soeren-prescher.de\/index.php?rest_route=\/wp\/v2\/media\/3019"}],"wp:attachment":[{"href":"https:\/\/www.soeren-prescher.de\/index.php?rest_route=%2Fwp%2Fv2%2Fmedia&parent=3018"}],"wp:term":[{"taxonomy":"category","embeddable":true,"href":"https:\/\/www.soeren-prescher.de\/index.php?rest_route=%2Fwp%2Fv2%2Fcategories&post=3018"},{"taxonomy":"post_tag","embeddable":true,"href":"https:\/\/www.soeren-prescher.de\/index.php?rest_route=%2Fwp%2Fv2%2Ftags&post=3018"}],"curies":[{"name":"wp","href":"https:\/\/api.w.org\/{rel}","templated":true}]}}