{"id":2674,"date":"2024-12-24T12:17:11","date_gmt":"2024-12-24T11:17:11","guid":{"rendered":"https:\/\/www.soeren-prescher.de\/?p=2674"},"modified":"2025-05-25T17:15:29","modified_gmt":"2025-05-25T16:15:29","slug":"frohe-weihnachten-5","status":"publish","type":"post","link":"https:\/\/www.soeren-prescher.de\/?p=2674","title":{"rendered":"Frohe Weihnachten"},"content":{"rendered":"<p><img loading=\"lazy\" decoding=\"async\" class=\"alignright wp-image-2675 size-medium\" src=\"https:\/\/www.soeren-prescher.de\/wp-content\/uploads\/2024\/12\/X-Mas2024-500x421.jpg\" alt=\"\" width=\"360\" height=\"303\" srcset=\"https:\/\/www.soeren-prescher.de\/wp-content\/uploads\/2024\/12\/X-Mas2024-500x421.jpg 500w, https:\/\/www.soeren-prescher.de\/wp-content\/uploads\/2024\/12\/X-Mas2024-768x646.jpg 768w, https:\/\/www.soeren-prescher.de\/wp-content\/uploads\/2024\/12\/X-Mas2024-600x505.jpg 600w, https:\/\/www.soeren-prescher.de\/wp-content\/uploads\/2024\/12\/X-Mas2024.jpg 983w\" sizes=\"auto, (max-width: 360px) 100vw, 360px\" \/>Hallo liebe Freunde,<\/p>\n<p>das Jahr 2024 neigt sich dem Ende zu. Erneut war es ein h\u00f6chst ereignisreiches Jahr &#8211; sowohl in positiver wie in negativer Hinsicht. Es sind etliche Dinge passiert, die wir vorab nicht f\u00fcr m\u00f6glich gehalten h\u00e4tten.<\/p>\n<p>In literarischer Hinsicht war das f\u00fcr mich in erster Linie die Insolvenz des Weltbild Verlags. Nicht nur, dass auf einmal s\u00e4mtliche Schr\u00f6dinger&amp;Horst-B\u00e4nde aus den Regalen genommen wurden, auch mein erst kurz zuvor erschienener neuer Krimi <a href=\"https:\/\/www.soeren-prescher.de\/?page_id=2512\">DIE VORMITTAGSERMITTLERIN<\/a> verschwand in unbekannte Gefilde. Ob und wie es mit dieser und den anderen Geschichten weitergeht, ist zu meinem Bedauern nach wie vor unklar.<\/p>\n<p>Doch es gibt auch Positives zu berichten. Im Fr\u00fchjahr erschien mit <a href=\"https:\/\/www.soeren-prescher.de\/?page_id=2458\">BLUTIGER FEHLER<\/a> im Verlag Edel Elements der achte Fall f\u00fcr das Trio mit vier Pfoten.<\/p>\n<p>Einige Monate darauf durften meine Co-Autorin Silke Porath und ich f\u00fcr den Harper Collins Verlag unter dem Pseudonym KIM SELVIG den Thriller <a href=\"https:\/\/www.soeren-prescher.de\/?page_id=2516\">KEINER LIEBT MICH SO WIE DU<\/a> ver\u00f6ffentlichen.<\/p>\n<p>Im Herbst folgte dann im Klarant Verlag mit <a href=\"https:\/\/www.soeren-prescher.de\/?page_id=2628\">MORD AM STRAND VON SPIEKEROOG<\/a> der Auftakt einer neuen Ostfriesland-Krimireihe. Weitere B\u00fccher mit dem Ermittlerteam Maren und Henning sind in Arbeit. Schon Anfang 2025 werden die zwei in einem weiteren Mordfall ermitteln. Dar\u00fcber dann zu gegeneber Zeit mehr.<\/p>\n<p>Nun w\u00fcnsche ich Euch erst einmal ein tolles Weihnachtsfest und ein paar besinnliche Tage. Feiert alle sch\u00f6n und kommt gut ins neue Jahr.<\/p>\n<p>Viele Gr\u00fc\u00dfe &amp; bis bald,<\/p>\n<p>S\u00f6ren Prescher<\/p>\n","protected":false},"excerpt":{"rendered":"<p>Hallo liebe Freunde, das Jahr 2024 neigt sich dem Ende zu. Erneut war es ein h\u00f6chst ereignisreiches Jahr &#8211; sowohl in positiver wie in negativer Hinsicht. Es sind etliche Dinge passiert, die wir vorab nicht f\u00fcr m\u00f6glich gehalten h\u00e4tten. In literarischer Hinsicht war das f\u00fcr mich in erster Linie die Insolvenz des Weltbild Verlags. Nicht [&hellip;]<\/p>\n","protected":false},"author":2,"featured_media":2675,"comment_status":"closed","ping_status":"closed","sticky":false,"template":"","format":"standard","meta":{"footnotes":""},"categories":[1],"tags":[578,584,458,547,597,574,550,545,601,84,539,460,592,595,83,148,563,544,388],"class_list":["post-2674","post","type-post","status-publish","format-standard","has-post-thumbnail","hentry","category-neuigkeiten","tag-blutiger-fehler","tag-die-vormittagsermittlerin","tag-edel-elements","tag-harper-collins","tag-henning-und-maren","tag-keiner-liebt-dich-so-wie-ich","tag-kiki-holland","tag-kim-selvig","tag-klarant","tag-krimi","tag-lokalkrimi","tag-mark-und-felix","tag-mord-am-strand-von-spiekeroog","tag-ostfriesland","tag-silke-porath","tag-soeren-prescher","tag-trio-mit-vier-pfoten","tag-weihnachten","tag-weltbild"],"_links":{"self":[{"href":"https:\/\/www.soeren-prescher.de\/index.php?rest_route=\/wp\/v2\/posts\/2674","targetHints":{"allow":["GET"]}}],"collection":[{"href":"https:\/\/www.soeren-prescher.de\/index.php?rest_route=\/wp\/v2\/posts"}],"about":[{"href":"https:\/\/www.soeren-prescher.de\/index.php?rest_route=\/wp\/v2\/types\/post"}],"author":[{"embeddable":true,"href":"https:\/\/www.soeren-prescher.de\/index.php?rest_route=\/wp\/v2\/users\/2"}],"replies":[{"embeddable":true,"href":"https:\/\/www.soeren-prescher.de\/index.php?rest_route=%2Fwp%2Fv2%2Fcomments&post=2674"}],"version-history":[{"count":4,"href":"https:\/\/www.soeren-prescher.de\/index.php?rest_route=\/wp\/v2\/posts\/2674\/revisions"}],"predecessor-version":[{"id":2871,"href":"https:\/\/www.soeren-prescher.de\/index.php?rest_route=\/wp\/v2\/posts\/2674\/revisions\/2871"}],"wp:featuredmedia":[{"embeddable":true,"href":"https:\/\/www.soeren-prescher.de\/index.php?rest_route=\/wp\/v2\/media\/2675"}],"wp:attachment":[{"href":"https:\/\/www.soeren-prescher.de\/index.php?rest_route=%2Fwp%2Fv2%2Fmedia&parent=2674"}],"wp:term":[{"taxonomy":"category","embeddable":true,"href":"https:\/\/www.soeren-prescher.de\/index.php?rest_route=%2Fwp%2Fv2%2Fcategories&post=2674"},{"taxonomy":"post_tag","embeddable":true,"href":"https:\/\/www.soeren-prescher.de\/index.php?rest_route=%2Fwp%2Fv2%2Ftags&post=2674"}],"curies":[{"name":"wp","href":"https:\/\/api.w.org\/{rel}","templated":true}]}}