{"id":2486,"date":"2024-04-07T09:22:42","date_gmt":"2024-04-07T08:22:42","guid":{"rendered":"https:\/\/www.soeren-prescher.de\/?p=2486"},"modified":"2024-04-07T09:53:28","modified_gmt":"2024-04-07T08:53:28","slug":"der-achte-band-ueberall-im-buchhandel-erhaeltlich","status":"publish","type":"post","link":"https:\/\/www.soeren-prescher.de\/?p=2486","title":{"rendered":"BLUTIGER FEHLER &#8211; \u00fcberall im Buchhandel erh\u00e4ltlich"},"content":{"rendered":"<p>Hallo Krimi-Freunde,<\/p>\n<p>es ist soweit: ab sofort ist mein neuer Roman &#8222;<strong>Blutiger Fehler &#8211; Der achte Fall f\u00fcr Mark und Felix<\/strong>&#8220; \u00fcberall im Buchhandel erh\u00e4ltlich.<\/p>\n<p><a href=\"https:\/\/www.soeren-prescher.de\/?page_id=2458\"><img loading=\"lazy\" decoding=\"async\" class=\"alignnone wp-image-2492\" src=\"https:\/\/www.soeren-prescher.de\/wp-content\/uploads\/2024\/04\/AdHg1-8small-438x500.jpg\" alt=\"\" width=\"378\" height=\"432\" srcset=\"https:\/\/www.soeren-prescher.de\/wp-content\/uploads\/2024\/04\/AdHg1-8small-438x500.jpg 438w, https:\/\/www.soeren-prescher.de\/wp-content\/uploads\/2024\/04\/AdHg1-8small-898x1024.jpg 898w, https:\/\/www.soeren-prescher.de\/wp-content\/uploads\/2024\/04\/AdHg1-8small-768x876.jpg 768w, https:\/\/www.soeren-prescher.de\/wp-content\/uploads\/2024\/04\/AdHg1-8small-600x684.jpg 600w, https:\/\/www.soeren-prescher.de\/wp-content\/uploads\/2024\/04\/AdHg1-8small-1347x1536.jpg 1347w, https:\/\/www.soeren-prescher.de\/wp-content\/uploads\/2024\/04\/AdHg1-8small-1795x2048.jpg 1795w\" sizes=\"auto, (max-width: 378px) 100vw, 378px\" \/><\/a><\/p>\n<ul>\n<li><strong>Herausgeber \u200f : \u200e <\/strong>Edel Elements &#8211; ein Verlag der Edel Verlagsgruppe; 1. Edition<br \/>\n(6. April 2024)<\/li>\n<li><strong>Sprache \u200f : \u200e <\/strong>Deutsch<\/li>\n<li><strong>Taschenbuch \u200f : \u200e <\/strong>388 Seiten<\/li>\n<li><strong>ISBN-10 \u200f : \u200e <\/strong>3962154930<\/li>\n<li><strong>ISBN-13 \u200f : \u200e <\/strong>978-3962154936<\/li>\n<\/ul>\n<p><u><br \/>\nInhaltsangabe:<br \/>\n<\/u>Nur wenige Wochen nach dem Mord an einem N\u00fcrnberger Anwalt kommt eine weitere Person aus Holger Jansens Umfeld ums Leben. Diesmal trifft es eine Frau, die in ihrem Haus erstochen wird. W\u00e4hrend der Ermittlungen beschleicht die Kommissare der Verdacht, dass die Tat mit einem fr\u00fcheren Fall zusammenh\u00e4ngen k\u00f6nnte. Haben sie damals m\u00f6glicherweise etwas \u00fcbersehen?<\/p>\n<p>&nbsp;<\/p>\n","protected":false},"excerpt":{"rendered":"<p>Hallo Krimi-Freunde, es ist soweit: ab sofort ist mein neuer Roman &#8222;Blutiger Fehler &#8211; Der achte Fall f\u00fcr Mark und Felix&#8220; \u00fcberall im Buchhandel erh\u00e4ltlich. Herausgeber \u200f : \u200e Edel Elements &#8211; ein Verlag der Edel Verlagsgruppe; 1. Edition (6. April 2024) Sprache \u200f : \u200e Deutsch Taschenbuch \u200f : \u200e 388 Seiten ISBN-10 \u200f [&hellip;]<\/p>\n","protected":false},"author":2,"featured_media":0,"comment_status":"closed","ping_status":"closed","sticky":false,"template":"","format":"standard","meta":{"footnotes":""},"categories":[1],"tags":[449,578,463,84,460,88,148,542],"class_list":["post-2486","post","type-post","status-publish","format-standard","hentry","category-neuigkeiten","tag-auf-den-hund-gekommen","tag-blutiger-fehler","tag-frankenkrimi","tag-krimi","tag-mark-und-felix","tag-nurnberg","tag-soeren-prescher","tag-tatort-franken"],"_links":{"self":[{"href":"https:\/\/www.soeren-prescher.de\/index.php?rest_route=\/wp\/v2\/posts\/2486","targetHints":{"allow":["GET"]}}],"collection":[{"href":"https:\/\/www.soeren-prescher.de\/index.php?rest_route=\/wp\/v2\/posts"}],"about":[{"href":"https:\/\/www.soeren-prescher.de\/index.php?rest_route=\/wp\/v2\/types\/post"}],"author":[{"embeddable":true,"href":"https:\/\/www.soeren-prescher.de\/index.php?rest_route=\/wp\/v2\/users\/2"}],"replies":[{"embeddable":true,"href":"https:\/\/www.soeren-prescher.de\/index.php?rest_route=%2Fwp%2Fv2%2Fcomments&post=2486"}],"version-history":[{"count":6,"href":"https:\/\/www.soeren-prescher.de\/index.php?rest_route=\/wp\/v2\/posts\/2486\/revisions"}],"predecessor-version":[{"id":2489,"href":"https:\/\/www.soeren-prescher.de\/index.php?rest_route=\/wp\/v2\/posts\/2486\/revisions\/2489"}],"wp:attachment":[{"href":"https:\/\/www.soeren-prescher.de\/index.php?rest_route=%2Fwp%2Fv2%2Fmedia&parent=2486"}],"wp:term":[{"taxonomy":"category","embeddable":true,"href":"https:\/\/www.soeren-prescher.de\/index.php?rest_route=%2Fwp%2Fv2%2Fcategories&post=2486"},{"taxonomy":"post_tag","embeddable":true,"href":"https:\/\/www.soeren-prescher.de\/index.php?rest_route=%2Fwp%2Fv2%2Ftags&post=2486"}],"curies":[{"name":"wp","href":"https:\/\/api.w.org\/{rel}","templated":true}]}}