{"id":2432,"date":"2023-12-24T14:04:42","date_gmt":"2023-12-24T13:04:42","guid":{"rendered":"https:\/\/www.soeren-prescher.de\/?p=2432"},"modified":"2024-02-25T19:19:46","modified_gmt":"2024-02-25T18:19:46","slug":"frohe-weihnachten-4","status":"publish","type":"post","link":"https:\/\/www.soeren-prescher.de\/?p=2432","title":{"rendered":"Frohe Weihnachten"},"content":{"rendered":"<p><!--StartFragment -->Hallo, liebe Freunde,<\/p>\n<p>kaum zu glauben, dass auch 2023 schon fast wieder vorbei ist. Es war ein langes Jahr, mit vielen sch\u00f6nen, aber auch einigen weniger angenehmen Momenten. Eine Menge ist passiert und hat seine Spuren hinterlassen. In Sachen Literatur war es ebenfalls recht ereignisreich. Dieses Jahr sind gleich drei Romane erschienen: der lang ersehnte und mehrmals verschobene siebte Fall f\u00fcr Mark und Felix (\u201e<a href=\"https:\/\/www.soeren-prescher.de\/?page_id=2285\">Der Nachtr\u00e4cher schl\u00e4gt zu<\/a>\u201c), der erste Fall (\u201e<a href=\"https:\/\/www.soeren-prescher.de\/?page_id=2385\">Mordsgesch\u00e4fte<\/a>\u201c) \u00a0f\u00fcr das neue Ermittler-Duo Charlotte und Peter Wachmann sowie unter dem Pseudonym Kim Selvig der Justiz-Thriller \u201e<a href=\"https:\/\/www.soeren-prescher.de\/?page_id=2288\">Mutterliebe<\/a>\u201c. Die letzten zwei B\u00fccher habe ich, wie schon viele Romane zuvor, zusammen mit Co-Autorin Silke Porath verfasst.<\/p>\n<p>N\u00e4chstes Jahr soll es ebenso produktiv weitergehen: Der achte Fall f\u00fcr Mark und Felix steht im Fr\u00fchjahr in den Startl\u00f6chern und wird den dramatischen Titel \u201eBlutiger Fehler&#8220; tragen. Im Sommer erscheint der neue Kim-Selvig-Thriller \u201eKeiner liebt dich so wie ich\u201c, der vor wenigen Tagen fertig geworden ist (zumindest von der Schreibseite her &#8211; jetzt liegt er im Lektorat). Dazu erscheint voraussichtlich noch ein sch\u00f6ner Solo-Krimi und an die Nordsee wird es mich ebenso verschlagen. Wir k\u00f6nnen also gespannt sein, was 2024 alles f\u00fcr uns bereithalten wird. Ich bin es definitiv.<\/p>\n<p>Doch das ist alles Zukunftsmusik. Jetzt w\u00fcnsche ich euch erst einmal ein sch\u00f6nes Weihnachtsfest und einen guten Rutsch ins neue Jahr.<\/p>\n<p>Genie\u00dft die Zeit und lest ein gutes Buch.<\/p>\n<p>Viele Gr\u00fc\u00dfe,<\/p>\n<p>S\u00f6ren Prescher<!--EndFragment --><\/p>\n<p><img loading=\"lazy\" decoding=\"async\" class=\"alignnone wp-image-2426\" src=\"https:\/\/www.soeren-prescher.de\/wp-content\/uploads\/2017\/05\/X-Mas2023-500x341.jpg\" alt=\"\" width=\"450\" height=\"307\" srcset=\"https:\/\/www.soeren-prescher.de\/wp-content\/uploads\/2017\/05\/X-Mas2023-500x341.jpg 500w, https:\/\/www.soeren-prescher.de\/wp-content\/uploads\/2017\/05\/X-Mas2023-768x523.jpg 768w, https:\/\/www.soeren-prescher.de\/wp-content\/uploads\/2017\/05\/X-Mas2023-600x409.jpg 600w, https:\/\/www.soeren-prescher.de\/wp-content\/uploads\/2017\/05\/X-Mas2023.jpg 803w\" sizes=\"auto, (max-width: 450px) 100vw, 450px\" \/><\/p>\n","protected":false},"excerpt":{"rendered":"<p>Hallo, liebe Freunde, kaum zu glauben, dass auch 2023 schon fast wieder vorbei ist. Es war ein langes Jahr, mit vielen sch\u00f6nen, aber auch einigen weniger angenehmen Momenten. Eine Menge ist passiert und hat seine Spuren hinterlassen. In Sachen Literatur war es ebenfalls recht ereignisreich. Dieses Jahr sind gleich drei Romane erschienen: der lang ersehnte [&hellip;]<\/p>\n","protected":false},"author":2,"featured_media":0,"comment_status":"closed","ping_status":"closed","sticky":false,"template":"","format":"standard","meta":{"footnotes":""},"categories":[1],"tags":[575,578,566,548,546,463,574,545,460,564,549,88,567,83,148,563,576],"class_list":["post-2432","post","type-post","status-publish","format-standard","hentry","category-neuigkeiten","tag-blutige-schuld","tag-blutiger-fehler","tag-charlotte-wachmann","tag-der-nachtraecher-schlaegt-zu","tag-die-wachmanns","tag-frankenkrimi","tag-keiner-liebt-dich-so-wie-ich","tag-kim-selvig","tag-mark-und-felix","tag-mordsgeschaefte","tag-mutterliebe","tag-nurnberg","tag-peter-wachmann","tag-silke-porath","tag-soeren-prescher","tag-trio-mit-vier-pfoten","tag-vormittagsermittlerin"],"_links":{"self":[{"href":"https:\/\/www.soeren-prescher.de\/index.php?rest_route=\/wp\/v2\/posts\/2432","targetHints":{"allow":["GET"]}}],"collection":[{"href":"https:\/\/www.soeren-prescher.de\/index.php?rest_route=\/wp\/v2\/posts"}],"about":[{"href":"https:\/\/www.soeren-prescher.de\/index.php?rest_route=\/wp\/v2\/types\/post"}],"author":[{"embeddable":true,"href":"https:\/\/www.soeren-prescher.de\/index.php?rest_route=\/wp\/v2\/users\/2"}],"replies":[{"embeddable":true,"href":"https:\/\/www.soeren-prescher.de\/index.php?rest_route=%2Fwp%2Fv2%2Fcomments&post=2432"}],"version-history":[{"count":3,"href":"https:\/\/www.soeren-prescher.de\/index.php?rest_route=\/wp\/v2\/posts\/2432\/revisions"}],"predecessor-version":[{"id":2452,"href":"https:\/\/www.soeren-prescher.de\/index.php?rest_route=\/wp\/v2\/posts\/2432\/revisions\/2452"}],"wp:attachment":[{"href":"https:\/\/www.soeren-prescher.de\/index.php?rest_route=%2Fwp%2Fv2%2Fmedia&parent=2432"}],"wp:term":[{"taxonomy":"category","embeddable":true,"href":"https:\/\/www.soeren-prescher.de\/index.php?rest_route=%2Fwp%2Fv2%2Fcategories&post=2432"},{"taxonomy":"post_tag","embeddable":true,"href":"https:\/\/www.soeren-prescher.de\/index.php?rest_route=%2Fwp%2Fv2%2Ftags&post=2432"}],"curies":[{"name":"wp","href":"https:\/\/api.w.org\/{rel}","templated":true}]}}